{"id":12040,"date":"2021-05-24T23:58:21","date_gmt":"2021-05-25T06:58:21","guid":{"rendered":"https:\/\/worldcampaign.net\/?p=12040"},"modified":"2021-05-26T05:43:56","modified_gmt":"2021-05-26T12:43:56","slug":"post1-139","status":"publish","type":"post","link":"https:\/\/worldcampaign.net\/?p=12040","title":{"rendered":"&#8220;The kids in Colombia&#8221;, El Pais"},"content":{"rendered":"<p>Debora Diniz and\u00a0Giselle Carino, Madrid, 18 May 2021<\/p>\n<p><em>In the streets of Bogot\u00e1, Cali, Manizales and Medell\u00edn, young people are demanding the right not to be ignored by President Ivan Duque\u2019s economic policies<\/em><\/p>\n<p><img loading=\"lazy\" decoding=\"async\" class=\"block width_full\" src=\"https:\/\/images.english.elpais.com\/resizer\/-j7_CTi9Zdt51DrqOn5lS2KR-wA=\/414x0\/filters:focal(4269x779:4279x789)\/cloudfront-eu-central-1.images.arcpublishing.com\/prisa\/26R7XAOEDN7CT67A72LX7ZLBTU.jpg\" srcset=\"https:\/\/images.english.elpais.com\/resizer\/-j7_CTi9Zdt51DrqOn5lS2KR-wA=\/414x0\/filters:focal(4269x779:4279x789)\/cloudfront-eu-central-1.images.arcpublishing.com\/prisa\/26R7XAOEDN7CT67A72LX7ZLBTU.jpg 414w, https:\/\/images.english.elpais.com\/resizer\/r9MEzcG43SzbdQNX7XKomVFbnNk=\/828x0\/filters:focal(4269x779:4279x789)\/cloudfront-eu-central-1.images.arcpublishing.com\/prisa\/26R7XAOEDN7CT67A72LX7ZLBTU.jpg 828w\" alt=\"Youngsters in Colombia march against the economic policies of Preside Iv\u00e1n Duque.\" width=\"828\" height=\"552\" \/>Youngsters in Colombia march against the economic policies of Preside Iv\u00e1n Duque.<span class=\"f_a | color_black margin_left uppercase light\"><span class=\"author\">MAURICIO DUE\u00d1AS CASTA\u00d1EDA \/ EFE<\/span><\/span><\/p>\n<p class=\"\"><i>Paro <\/i>is Spanish for both strike and joblessness. The root of paro lies in the verb \u201cto stop\u201d \u2013 the body stops doing something. But in the streets of Bogot\u00e1, Cali, Manizales and Medell\u00edn, in Colombia, the bodies of young people are moving now, demanding the right not to be ignored by <a href=\"https:\/\/english.elpais.com\/usa\/2021-03-24\/colombian-president-ivan-duque-we-have-never-played-roulette-with-the-economy-or-with-social-spending-programs.html?rel=mas\" target=\"_blank\" data-link-track-dtm=\"\">President Ivan Duque<\/a>\u2019s economic policies, in a <a href=\"https:\/\/english.elpais.com\/usa\/2021-05-17\/understanding-the-racism-and-classism-at-the-heart-of-colombias-protests.html\" target=\"_blank\" data-link-track-dtm=\"\">country already marked by deep inequality<\/a>. These young people are called <i>pelados<\/i>, a slang term for \u201ckids\u201d that literally means \u201cbare-skinned\u201d and allegorically means \u201cwithout protection\u201d \u2013 signaling the blatant fragility of bodies marked by class and racial inequality in times of pandemic, fragile bodies awaiting a protective State. The pelados are on the move.<\/p>\n<p class=\"\">They have been called the NEET generation, neither employed nor in education or training. And now some news reports questioning the sincerity of their rebelliousness often describe them as vandals. The pelados <a href=\"https:\/\/english.elpais.com\/usa\/2021-05-17\/understanding-the-racism-and-classism-at-the-heart-of-colombias-protests.html\" target=\"_blank\" data-link-track-dtm=\"\">took to the streets to protest a fiscal reform plan<\/a> that would hike taxes, and then they stayed in the streets in response to police violence. Duque\u2019s proposed <a href=\"https:\/\/www.reuters.com\/article\/colombia-tax\/colombian-government-sends-6-4-billion-tax-reform-plan-to-congress-idUSL1N2M62NL\" target=\"_blank\" data-link-track-dtm=\"\">fiscal reform<\/a> would boost tax collection in 2022 to the equivalent of 2% of the country\u2019s GDP, a goal considered both daring and unprecedented in the recent economic history of Latin America\u2019s third-largest economy. Duque\u2019s reform package would put the greatest burden on the poorest working classes, even though it also impacts those with higher income. Despite a daily television program meant to fortify his waning charisma, Duque\u2019s popularity index is pitifully low among youth: three out of four Colombians between the ages of 18 and 25 disapprove of the government, a paradox for the youngest president in the history of Colombia.<\/p>\n<blockquote class=\"quote quote_pull a_q a_q__p | \">\n<div>Two adolescents were killed on the first day of the protests: Marcelo Agredo and Jeirson Garc\u00eda, aged 17 and 13<\/div>\n<\/blockquote>\n<p class=\"\">What do these pelados want? To feel that their future is protected by opportunities. Put very simply, they are calling for social justice so they can imagine a future free from inequalities \u2013 <a href=\"https:\/\/english.elpais.com\/usa\/2021-03-30\/politics-peace-and-poverty-a-powder-keg-called-colombia.html?rel=mas\" target=\"_blank\" data-link-track-dtm=\"\">freedom from racism and poverty<\/a> as well as the freedom to live in a country that does not return to the armed conflict that stained Colombia\u2019s recent past. In philosophical terms, the pelados are demanding protection against regimes that manage life by reducing them to \u201cbare life,\u201d to borrow the words of Italian philosopher Giorgio Agamben. \u201cBare life\u201d is the unprotected body, ravaged by sovereign power, a governmental regime of life typical of states of exception. At the intersection of philosophical abstraction with lived experience, these youth resist efforts to inflict a bare life on them. <a href=\"https:\/\/english.elpais.com\/usa\/2021-05-06\/colombia-uribisms-final-hours.html?rel=mas\" target=\"_blank\" data-link-track-dtm=\"\">Wanting to do more than merely survive<\/a>, they demand a future with possibilities.<\/p>\n<p class=\"\">\u201cThis is a demonstration for survival,\u201d said Sandra Borda, professor at the University of the Andes. \u201cThese young people have been pushed well beyond their limits, and given the characteristics of the communities where they live, they have a terrible relationship with public forces.\u201d In Cali, Colombia\u2019s third-largest city, an estimated one in four people live in poverty. Two adolescents were killed on the first day of the protests: Marcelo Agredo and Jeirson Garc\u00eda, aged 17 and 13. The poor community of Puerto Rellena is now known as Puerto Resistencia, or Port Resistance \u2013 the police do not set foot there. Francia M\u00e1rquez, the Afro-Colombian activist whose life is at risk because she has confronted the country\u2019s mining corporations, strolls the neighborhood\u2019s streets without a care, a projection of the life the pelados dream of. In Port Resistance, Francia can do without her around-the-clock police escort. \u201cHere, I would have to protect them,\u201d she says. The pelados protect her.<\/p>\n<p class=\"\"><i>Debora Diniz is a Brazilian anthropologist and researcher at Brown\u202fUniversity.<\/i><\/p>\n<p class=\"\"><i>Giselle Carino is an Argentinian political scientist and IPPF\/WHR\u202fdirector.<\/i><\/p>\n<p class=\"\"><a href=\"https:\/\/english.elpais.com\/opinion\/2021-05-18\/the-kids-in-colombia.html\">El Pais<\/a><\/p>\n","protected":false},"excerpt":{"rendered":"<p>Debora Diniz and\u00a0Giselle Carino, Madrid, 18 May 2021 In the streets of Bogot\u00e1, Cali, Manizales and Medell\u00edn, young people are demanding the right not to be ignored by President Ivan Duque\u2019s economic policies Youngsters in Colombia march against the economic policies of Preside Iv\u00e1n Duque.MAURICIO DUE\u00d1AS CASTA\u00d1EDA \/ EFE Paro is Spanish for both strike [&hellip;]<\/p>\n","protected":false},"author":1001004,"featured_media":0,"comment_status":"closed","ping_status":"open","sticky":false,"template":"","format":"standard","meta":{"footnotes":""},"categories":[53],"tags":[],"_links":{"self":[{"href":"https:\/\/worldcampaign.net\/index.php?rest_route=\/wp\/v2\/posts\/12040"}],"collection":[{"href":"https:\/\/worldcampaign.net\/index.php?rest_route=\/wp\/v2\/posts"}],"about":[{"href":"https:\/\/worldcampaign.net\/index.php?rest_route=\/wp\/v2\/types\/post"}],"author":[{"embeddable":true,"href":"https:\/\/worldcampaign.net\/index.php?rest_route=\/wp\/v2\/users\/1001004"}],"replies":[{"embeddable":true,"href":"https:\/\/worldcampaign.net\/index.php?rest_route=%2Fwp%2Fv2%2Fcomments&post=12040"}],"version-history":[{"count":4,"href":"https:\/\/worldcampaign.net\/index.php?rest_route=\/wp\/v2\/posts\/12040\/revisions"}],"predecessor-version":[{"id":12068,"href":"https:\/\/worldcampaign.net\/index.php?rest_route=\/wp\/v2\/posts\/12040\/revisions\/12068"}],"wp:attachment":[{"href":"https:\/\/worldcampaign.net\/index.php?rest_route=%2Fwp%2Fv2%2Fmedia&parent=12040"}],"wp:term":[{"taxonomy":"category","embeddable":true,"href":"https:\/\/worldcampaign.net\/index.php?rest_route=%2Fwp%2Fv2%2Fcategories&post=12040"},{"taxonomy":"post_tag","embeddable":true,"href":"https:\/\/worldcampaign.net\/index.php?rest_route=%2Fwp%2Fv2%2Ftags&post=12040"}],"curies":[{"name":"wp","href":"https:\/\/api.w.org\/{rel}","templated":true}]}}