{"id":3614,"date":"2018-06-27T01:41:59","date_gmt":"2018-06-27T08:41:59","guid":{"rendered":"https:\/\/worldcampaign.net\/?p=3614"},"modified":"2018-06-27T01:54:39","modified_gmt":"2018-06-27T08:54:39","slug":"erdogan-consolidates-control-over-turkey-with-election-win-pbs-newshour","status":"publish","type":"post","link":"https:\/\/worldcampaign.net\/?p=3614","title":{"rendered":"&#8220;In Turkey\u2019s Election, Erdo\u011fan Further Consolidates His Power&#8221;, The New Yorker"},"content":{"rendered":"<p>By Dexter Filkins, June 25, 2018<\/p>\n<p>For a time, it looked as if Turkey\u2019s battered democracy might pull off an improbable revival in Sunday\u2019s national elections. With the Turkish economy reeling, the aura of inevitable victory that surrounded President <a class=\"ArticleBody__link___1FS03\" href=\"https:\/\/www.newyorker.com\/tag\/recep-tayyip-erdogan\">Recep Tayyip Erdo\u011fan<\/a>, who has led his country without pause for fifteen years, appeared to be dissipating. His chief opponent, Muharrem \u0130nce, of the Republican People\u2019s Party, ran a strong campaign, at times calling out the corruption that surrounds Erdo\u011fan and his circle. \u0130nce and Erdo\u011fan\u2019s other opponents hoped that they could hold the President to under fifty per cent on Sunday and then, in a runoff, ride a newfound momentum to an upset victory.<\/p>\n<p>It was not to be. Erdo\u011fan declared a win in the first round, claiming fifty-three per cent of the votes cast. In a speech in Istanbul, he appeared already to have moved on. \u201cCitizens have cast their votes and spoken clearly,\u2019\u2019 he said.<\/p>\n<p>Assuming that his victory holds, Erdo\u011fan will stand firmly in the <a class=\"ArticleBody__link___1FS03\" href=\"https:\/\/www.newyorker.com\/news\/news-desk\/the-rise-of-the-worlds-new-emperors-with-americas-help\">ranks of authoritarian leaders around the world<\/a>\u2014including Viktor Orb\u00e1n, of Hungary, and Andrzej Duda, of Poland\u2014who are using the cover of elections to undermine the other institutions that make a liberal democracy work. By virtue of a block of constitutional amendments narrowly approved in a referendum last year, and of Sunday\u2019s victory, Erdo\u011fan will have more power than ever.<\/p>\n<p>The wonder was that there was any suspense at all: as a candidate, Erdo\u011fan got nearly all the media attention, but he also sent one of his main opponents, Selahattin Demirta\u015f, of the Kurdish People\u2019s Democratic Party, to prison on a trumped-up charge of terrorism. Indeed, it\u2019s a testament to the Turkish people that so many refused to give up on the idea of democratic rule.<\/p>\n<p>Erdo\u011fan came to power in 2003, after having spent time as Istanbul\u2019s mayor and in prison as a political prisoner. (He had recited a poem that appeared to advocate militant Islam.) For a pious Muslim politician in Turkey, the duality was unremarkable: since the nation\u2019s founding, in 1923, it had been ruled by a pro-Western secular \u00e9lite that relied on the military to keep it in power\u2014and Islamists and Communists out. With the end of the Cold War, Turkey began to liberalize and, in 2002, Erdo\u011fan\u2019s party, known by its Turkish initials, the A.K.P., swept to power.<\/p>\n<p>At the time\u2014just after the 9\/11 attacks, just before the invasion of Iraq\u2014the West and, particularly, the United States were desperate for friends in the Islamic world. The Europeans offered Turkey membership in the European Union, and the Bush and Obama Administrations embraced Erdo\u011fan for his seeming moderation. \u201cBefore anything else, I\u2019m a Muslim,\u2019\u2019 <a class=\"ArticleBody__link___1FS03\" href=\"https:\/\/www.nytimes.com\/2003\/05\/11\/magazine\/the-erdogan-experiment.html\" target=\"_blank\">he told the <em>Times Magazine<\/em><\/a>shortly after becoming Prime Minister, in 2003. \u201cAs a Muslim, I try to comply with the requirements of my religion. I have a responsibility to God, who created me, and I try to fulfill that responsibility. But I try now very much to keep this away from political life, to keep it private.\u201d Indeed, Erdo\u011fan seemed to realize that the West\u2019s obsession with militant Islam gave him the freedom to pursue his real agenda\u2014to gain more power for himself.<\/p>\n<p>His first anti-democratic campaign began in 2008, with trials of members of the military and the secular establishment charged with attempting to foment a coup. The cases were known by their unusual code names, <a class=\"ArticleBody__link___1FS03\" href=\"https:\/\/www.newyorker.com\/magazine\/2012\/03\/12\/the-deep-state\">Sledgehammer and Ergenekon<\/a>. I remember going through the evidence in both cases\u2014page after page of indictments, charges, and transcripts\u2014and being astounded at how preposterous much of the evidence appeared.<\/p>\n<p>It felt as if I were sitting in a courtroom in Eastern Europe in the nineteen-forties, or the Soviet Union in the nineteen-thirties. Unlike in those earlier regimes, Erdo\u011fan did not have his opponents shot, but the prosecutions led to the imprisonment of hundreds of officers, journalists, and intellectuals.<\/p>\n<div id=\"articleBody\" class=\"ArticleBody__articleBody___1GSGP\" data-template=\"two-column\">\n<div>\n<div>\n<div class=\"SectionBreak__sectionBreak___1ppA7\">\n<p>The second campaign began in 2016, in the aftermath of a failed coup in which dozens of Turks were killed. Much remains unknown about the attempt, but it was staged by disgruntled military officers and members of the Gulenist religious group, whose leader, <a class=\"ArticleBody__link___1FS03\" href=\"https:\/\/www.newyorker.com\/magazine\/2016\/10\/17\/turkeys-thirty-year-coup\">Fethullah G\u00fclen<\/a>, lives in exile in Pennsylvania. (G\u00fclen <a class=\"ArticleBody__link___1FS03\" href=\"https:\/\/www.nytimes.com\/2016\/07\/17\/us\/fethullah-gulen-turkey-coup-attempt.html\" target=\"_blank\">has denied involvement<\/a>.)<\/p>\n<p>In the nearly two years since, Erdo\u011fan has jailed as many as forty thousand people\u2014most of them without trial\u2014including judges, journalists, academics, and members of parliament. The free press has been decimated, as has the independent judiciary.<\/p>\n<p>Under such conditions, is it any wonder that Erdo\u011fan won? That\u2019s the real lesson of Sunday\u2019s election\u2014that, in <a class=\"ArticleBody__link___1FS03\" href=\"https:\/\/www.newyorker.com\/tag\/turkey\">Turkey<\/a>, as in <a class=\"ArticleBody__link___1FS03\" href=\"https:\/\/www.newyorker.com\/tag\/russia\">Russia<\/a>and <a class=\"ArticleBody__link___1FS03\" href=\"https:\/\/www.newyorker.com\/tag\/hungary\">Hungary<\/a> and <a class=\"ArticleBody__link___1FS03\" href=\"https:\/\/www.newyorker.com\/tag\/poland\">Poland<\/a>, there\u2019s more to democracy than just elections.<\/p>\n<p>The only question left is how long Erdo\u011fan will stay. He is only sixty-four; although many believed that he had undergone cancer treatment, in 2012, he has said that he did not have the disease, and he is, by all accounts, tireless and enthusiastic. But he is showing the telltale signs of a late-stage autocrat. His love of grandiose construction projects\u2014<a class=\"ArticleBody__link___1FS03\" href=\"https:\/\/www.nytimes.com\/2018\/06\/21\/world\/europe\/turkey-election-ergodan-canal-megaprojects.html\" target=\"_blank\">a canal stretching from the Black Sea to the Sea of Marmara<\/a>; his eleven-hundred-room, six-hundred-million-dollar palace\u2014<a class=\"ArticleBody__link___1FS03\" href=\"https:\/\/www.nytimes.com\/2015\/03\/05\/world\/europe\/in-turkey-testing-the-president-recep-tayyip-erdogans-food-for-poison.html\" target=\"_blank\">bespeak a monarch<\/a> whose sense of importance has begun to border on the absolute.<\/p>\n<p>Leaders who no can longer tolerate being questioned usually end up making terrible errors. Erdo\u011fan may yet do so. The Turkish economy is heading toward a recession, and, during the campaign, he promised that if he won he would take control of the country\u2019s Central Bank. Throughout history, when a country\u2019s populist autocrat gets control of that institution, chaos is usually not far away.<\/p>\n<p>For Turkey\u2019s sake, let\u2019s hope that something slows him down. In any case, when Erdo\u011fan finally leaves office, the Turkish people will find that much of what had once held their country together has been dismantled or severely degraded. That\u2019s when the real work of rebuilding Turkey\u2019s democracy will begin.<\/p>\n<p><em>Dexter Filkins joined The New Yorker as a staff writer in 2011.<\/em><\/p>\n<p><a href=\"https:\/\/www.newyorker.com\/news\/daily-comment\/in-turkeys-election-erdogan-further-consolidates-his-power\">The New Yorker<\/a><\/p>\n<\/div>\n<\/div>\n<\/div>\n<\/div>\n","protected":false},"excerpt":{"rendered":"<p>By Dexter Filkins, June 25, 2018 For a time, it looked as if Turkey\u2019s battered democracy might pull off an improbable revival in Sunday\u2019s national elections. With the Turkish economy reeling, the aura of inevitable victory that surrounded President Recep Tayyip Erdo\u011fan, who has led his country without pause for fifteen years, appeared to be [&hellip;]<\/p>\n","protected":false},"author":1001004,"featured_media":0,"comment_status":"closed","ping_status":"open","sticky":false,"template":"","format":"standard","meta":{"footnotes":""},"categories":[53],"tags":[],"_links":{"self":[{"href":"https:\/\/worldcampaign.net\/index.php?rest_route=\/wp\/v2\/posts\/3614"}],"collection":[{"href":"https:\/\/worldcampaign.net\/index.php?rest_route=\/wp\/v2\/posts"}],"about":[{"href":"https:\/\/worldcampaign.net\/index.php?rest_route=\/wp\/v2\/types\/post"}],"author":[{"embeddable":true,"href":"https:\/\/worldcampaign.net\/index.php?rest_route=\/wp\/v2\/users\/1001004"}],"replies":[{"embeddable":true,"href":"https:\/\/worldcampaign.net\/index.php?rest_route=%2Fwp%2Fv2%2Fcomments&post=3614"}],"version-history":[{"count":3,"href":"https:\/\/worldcampaign.net\/index.php?rest_route=\/wp\/v2\/posts\/3614\/revisions"}],"predecessor-version":[{"id":3617,"href":"https:\/\/worldcampaign.net\/index.php?rest_route=\/wp\/v2\/posts\/3614\/revisions\/3617"}],"wp:attachment":[{"href":"https:\/\/worldcampaign.net\/index.php?rest_route=%2Fwp%2Fv2%2Fmedia&parent=3614"}],"wp:term":[{"taxonomy":"category","embeddable":true,"href":"https:\/\/worldcampaign.net\/index.php?rest_route=%2Fwp%2Fv2%2Fcategories&post=3614"},{"taxonomy":"post_tag","embeddable":true,"href":"https:\/\/worldcampaign.net\/index.php?rest_route=%2Fwp%2Fv2%2Ftags&post=3614"}],"curies":[{"name":"wp","href":"https:\/\/api.w.org\/{rel}","templated":true}]}}