{"id":8056,"date":"2019-08-29T06:11:17","date_gmt":"2019-08-29T13:11:17","guid":{"rendered":"https:\/\/worldcampaign.net\/?p=8056"},"modified":"2019-08-29T06:11:17","modified_gmt":"2019-08-29T13:11:17","slug":"europes-complicity-in-turkeys-syrian-refugee-crackdown-the-atlantic","status":"publish","type":"post","link":"https:\/\/worldcampaign.net\/?p=8056","title":{"rendered":"&#8220;Europe\u2019s Complicity in Turkey\u2019s Syrian-Refugee Crackdown&#8221;, The Atlantic"},"content":{"rendered":"<p>Melvyn Ingleby, August 29, 2019<\/p>\n<p><em>Ankara is moving against Syrians in the country\u2014and the European Union bears responsibility.<\/em><\/p>\n<div class=\"blah\">\n<div class=\"l-article__container__container\">\n<section id=\"article-section-0\" class=\"l-article__section s-cms-content\">\n<p dir=\"ltr\">ISTANBUL\u2014Under the cover of night, Turkish police officers pushed Ahmed onto a large bus parked in central Istanbul. In the darkness, the Syrian man from Damascus could discern dozens of other handcuffed refugees being crammed into the vehicle. Many of them would not see the Turkish city again.<\/p>\n<p dir=\"ltr\">Ahmed, who asked that his last name not be used to protect his safety, was arrested after police discovered that he was registered with the authorities not in Istanbul, but in a different district. Turkish law obliges Syrian refugees with a temporary protection status to remain in their locale of initial registration or obtain separate permission to travel, and the officers reassured him he would simply be transferred back to the right district.<a class=\"ha-c-btn ha-c-standard__btn ha-c-btn--long ha-js-link\" href=\"https:\/\/adclick.g.doubleclick.net\/pcs\/click%3Fxai%3DAKAOjsu5TZTmPURhLCAKUleQYXQH_nNy1_Lc05V2drqH8ByiOiKochw6eE8zrYsb7xjpkz_Ej2255DQKyjy1KYrm6Kdijtb6x6O8zBeWe03cmwPE-vSBR7I15TBArrHCwqNmK0XdSOQIoRLI99mZpvOVbNoHv5jbz4agkZ8mJ9XuMGWW_t3SJF9K-rf1fxeyAKsMgeD4OxjFpS5Mqv-vqApXd1OJIXY9QX7HulRfD421LAkiNAbDF2WE6fmQI2xLvBbBnAZI2gUqzwyWNikwEMTcfOHWyrqVyrGfA_2MSgpp4Bffxpgjpaby8Ih-%26sai%3DAMfl-YS2bl9qWFoqMBqFCs7SH8juO7skOUj_S0q-5teSziQsHtw7pTR9SO1MnL-S5bn96VRXIXN7Wrsfo4BlrRI_6GMUFefwTr2cz0tmFl4T%26sig%3DCg0ArKJSzCPxCf9N0C4jEAE%26urlfix%3D1%26adurl%3Dhttps:\/\/www.theatlanticfestival.com\/?utm_source=INJ-TAF-092419\" type=\"button\" name=\"button\"><\/a><\/p>\n<div id=\"housepromo-d\" class=\" ad-housepromo-d-wrapper\" data-template=\"hippo\/components\/ads\/article-house-desktop.html\" data-pos=\"housepromo-d\"><\/div>\n<p dir=\"ltr\">Instead, as dawn broke, the bus arrived at a detention facility in the Istanbul suburb of Pendik, where Ahmed said he was jostled into a crowded cell with 10 others and no beds, and received only one meal a day, which was always rotten. \u201cThe guards told us we Syrians are just as rotten inside,\u201d he told me. \u201cThey kept shouting that Turkey will no longer accept us, and that we will all go back to Syria.\u201d<\/p>\n<p dir=\"ltr\">Ahmed would spend more than six weeks in the hidden world of Turkey\u2019s so-called removal centers. His account, as well as those of more than half a dozen other Syrians I spoke to, point to the systemic abuse, the forced deportations, and, in some cases, the death of refugees caught in a recent crackdown here.<\/p>\n<\/section>\n<\/div>\n<\/div>\n<div class=\"blah\">\n<div class=\"l-article__container__container\">\n<section id=\"article-section-1\" class=\"l-article__section s-cms-content\">\n<p dir=\"ltr\">Yet Turkey is not the only actor implicated. In a deeper sense, the backlash also exposes the long-term consequences of the European Union\u2019s outsourcing of its refugee problem. In March 2016, the EU entered into a <a href=\"https:\/\/www.dw.com\/en\/the-eu-turkey-refugee-agreement-a-review\/a-43028295\" data-omni-click=\"r'article',r'',d,r'intext',r'0',r'None'\">controversial deal<\/a> with Turkey that halted much of the refugee influx to Europe in return for an aid package worth \u20ac6 billion ($6.7 billion) and various political sweeteners for Ankara. Preoccupied with its own border security, EU decision makers at the time were quick to reassure their <a href=\"https:\/\/www.statewatch.org\/analyses\/no-283-why-turkey-is-not-a-safe-country.pdf\" data-omni-click=\"r'article',r'',d,r'intext',r'1',r'None'\">critics<\/a> that Turkey constituted a \u201csafe third country\u201d that respected refugee rights and was committed to the principle of <a href=\"https:\/\/www.merriam-webster.com\/dictionary\/non-refoulement\" data-omni-click=\"r'article',r'',d,r'intext',r'2',r'None'\">non-refoulement<\/a>.<\/p>\n<p dir=\"ltr\">As Europe closed its doors, Turkey was left with a staggering 3.6 million registered Syrian refugees\u2014the largest number hosted by any country in the world and nearly four times as many as all EU-member states combined. While Turkish society initially responded with impressive resilience, its long-lauded hospitality is rapidly wearing thin, prompting President Recep Tayyip Erdo\u011fan\u2019s government to take measures that violate the very premise of the EU-Turkey deal.<\/p>\n<p dir=\"ltr\">Last month, Turkish police launched operations targeting undocumented migrants and refugees in Istanbul. Syrian refugees holding temporary protection status registered in other Turkish districts now <a href=\"http:\/\/www.asianews.it\/news-en\/-Syrian-refugees:-Deadline-to-leave-Istanbul-extended-to-October-30-47790.html\" data-omni-click=\"r'article',r'',d,r'intext',r'3',r'None'\">have until October 30<\/a> to leave Istanbul, whereas those without any papers are to be transferred to temporary refugee camps in order to be registered.<\/p>\n<figure><picture><img class=\" lazyloaded\" srcset=\"https:\/\/cdn.theatlantic.com\/assets\/media\/img\/posts\/2019\/08\/RTX72JYV\/e4c0ed0fd.jpg\" alt=\"Turkish President Recep Tayyip Erdogan walks past a welcoming ceremony at the presidential palace in Ankara.\" data-srcset=\"https:\/\/cdn.theatlantic.com\/assets\/media\/img\/posts\/2019\/08\/RTX72JYV\/e4c0ed0fd.jpg\" \/><\/picture><figcaption class=\"caption\">Turkish President Recep Tayyip Erdo\u011fan at the presidential palace in Ankara (Reuters)<\/figcaption><\/figure>\n<p dir=\"ltr\">Both <a href=\"https:\/\/www.hrw.org\/news\/2019\/07\/26\/turkey-forcibly-returning-syrians-danger\" data-omni-click=\"r'article',r'',d,r'intext',r'4',r'None'\">international<\/a> and <a href=\"http:\/\/www.europe-solidaire.org\/IMG\/pdf\/2019_deportations_report_en.pdf\" data-omni-click=\"r'article',r'',d,r'intext',r'5',r'None'\">Turkish<\/a> advocates of refugee rights say, however, that the operation sparked a wave of random arrests and even forced deportations. The Istanbul Bar Association, too, <a href=\"https:\/\/www.istanbulbarosu.org.tr\/HaberDetay.aspx?ID=14825&amp;Desc=%C4%B0stanbul-Barosu-%C4%B0nsan-Haklar%C4%B1-Merkezi-Olarak-%C4%B0l-G%C3%B6%C3%A7-%C4%B0daresi-%C4%B0le-Ger%C3%A7ekle%C5%9Ftirdi%C4%9Fimiz-Toplant%C4%B1ya-%C4%B0li%C5%9Fkin-A%C3%A7%C4%B1klama\" data-omni-click=\"r'article',r'',d,r'intext',r'6',r'None'\">reported<\/a> its Legal Aid Bureau dealt with 3.5 times as many deportation cases as June, just before the operation was launched. UNHCR, the UN\u2019s refugee agency, and the European Commission have not said whether they believe Turkey is deporting Syrians. But one senior EU official, who asked for anonymity to discuss the issue, estimated that about 2,200 people were sent to the Syrian province of Idlib, though he said it was unclear whether they were forcibly deported or chose to return. The official added that, were Turkey forcibly deporting Syrians, this would be in explicit violation of the principle of non-refoulement, on which the EU-Turkey deal is conditioned.<\/p>\n<p dir=\"ltr\">The Turkish interior ministry\u2019s migration department did not respond to questions about the allegations. In a recent <a href=\"https:\/\/www.haberturk.com\/son-dakika-bakan-soylu-dan-onemli-aciklamalar-2514831\" target=\"_blank\" data-saferedirecturl=\"https:\/\/www.google.com\/url?q=https:\/\/www.haberturk.com\/son-dakika-bakan-soylu-dan-onemli-aciklamalar-2514831&amp;source=gmail&amp;ust=1567114248734000&amp;usg=AFQjCNHGvXtSKwqOcE3f1Y1Gv10ewikruw\" data-omni-click=\"r'article',r'',d,r'intext',r'7',r'None'\">interview<\/a>on Turkish television, Interior Minister S\u00fcleyman Soylu said that \u201cit is not possible for us to deport any unregistered Syrian\u201d and insisted that returns to Syria were entirely voluntary.<\/p>\n<p dir=\"ltr\">Ahmed and several other Syrian refugees I spoke to, however, experienced firsthand what <em>voluntary<\/em> can look like in practice.<\/p>\n<p dir=\"ltr\">After being transferred from the facility in Pendik to a removal center in Bink\u0131l\u0131\u00e7, northwest of Istanbul, Ahmed said he was pressured into signing a set of forms upon arrival. The female official in charge refused to explain the papers\u2019 contents, he said. As Ahmed was about to sign and fingerprint the last document, he noticed she was deliberately using her fingers to cover the Arabic translation of the words <em>voluntary return<\/em>. When he retracted his finger, she called in the guards, who took Ahmed to a nearby bathroom with another Syrian who had refused to sign. There, he said, the two were intimidated for several hours, and he was shown images of a man who had been badly beaten and tied to a chair with plastic tape. According to Ahmed, an official told him, \u201cIf you don\u2019t sign, you\u2019ll end up like that.\u201d<\/p>\n<p dir=\"ltr\">The other Syrian present at the time, Hussein, offered a similar account. In a phone interview from Dubai, where he escaped to after negotiating deportation to Malaysia instead of Syria, Hussein, who asked to be identified by only his first name to protect relatives still in Turkey, detailed the abuse in the same terms as Ahmed, and added that he was personally beaten by one of the guards. When the ordeal was over, both men said, the other Syrians who had arrived with them were being taken to a bus, apparently to be deported.<\/p>\n<\/section>\n<\/div>\n<\/div>\n<div class=\"blah\">\n<div class=\"l-article__container__container\">\n<section id=\"article-section-2\" class=\"l-article__section s-cms-content\">\n<p dir=\"ltr\">Ahmed was detained in Bink\u0131l\u0131\u00e7 for a month before being taken to another removal center in nearby K\u0131rklareli, where he said he was made to sleep outside in a courtyard together with more than 100 other detainees. The guards kept the toilets locked throughout the day, he said, so inmates had to either wait for a single 30-minute toilet break at night or relieve themselves where they were sleeping. When Ahmed fell seriously ill, he told me, he was repeatedly denied access to a doctor.<\/p>\n<p dir=\"ltr\">After nine days in K\u0131rklareli, the nightmare suddenly ended. Ahmed was called in by the facility\u2019s management, asked who he was, and released when it became clear he did in fact hold temporary protection status, albeit for a district other than Istanbul. <em>The Atlantic<\/em> has seen a photo of Ahmed\u2019s identity card, as well as his release note from the removal center.<\/p>\n<p dir=\"ltr\">The EU has funded many of the removal centers in which refugees like Ahmed are held. As stated in budgets from <a href=\"https:\/\/ec.europa.eu\/neighbourhood-enlargement\/sites\/near\/files\/pdf\/turkey\/ipa\/2010\/tr20100324.01_establishment_of_rec_and_rem_centres_-_phase2.pdf\" data-omni-click=\"r'article',r'',d,r'intext',r'8',r'None'\">2010<\/a>and <a href=\"https:\/\/ec.europa.eu\/neighbourhood-enlargement\/sites\/near\/files\/pdf\/turkey\/ipa\/2015\/ipa2015-038-404.5-home_affairs_new.pdf\" data-omni-click=\"r'article',r'',d,r'intext',r'9',r'None'\">2015<\/a>, the EU financed at least 12 such facilities as part of its pre-accession funding to Turkey. And according to a 2016 <a href=\"https:\/\/www.statewatch.org\/news\/2016\/may\/ep-GUENGL-report-refugees-Turkey-deal.pdf\" data-omni-click=\"r'article',r'',d,r'intext',r'10',r'None'\">report<\/a>by an EU parliamentary delegation, the removal center in K\u0131rklareli in which Ahmed was held received 85 percent of its funding from the EU. The Bink\u0131l\u0131\u00e7 facility, where Syrians were forced to sign return papers, also <a href=\"https:\/\/twitter.com\/iomturkey\/status\/957876518771970048\" data-omni-click=\"r'article',r'',d,r'intext',r'11',r'None'\">received<\/a> furniture and other equipment funded by Britain and, according to Ahmed, featured signs displaying the EU and Turkish flags.<\/p>\n<p dir=\"ltr\">It is hard to determine the extent to which the $6.7 billion allocated to Ankara under the 2016 EU-Turkey deal has funded similar projects. While the bulk of it went to education, health care, and direct cash support for refugees, a 2018 <a href=\"https:\/\/ec.europa.eu\/neighbourhood-enlargement\/sites\/near\/files\/14032018_facility_for_refugees_in_turkey_second_annual_report.pdf\" data-omni-click=\"r'article',r'',d,r'intext',r'12',r'None'\">annual report<\/a>also refers to funding for \u201ca removal center for 750 people\u201d\u2014language conspicuously <a href=\"https:\/\/ec.europa.eu\/neighbourhood-enlargement\/sites\/near\/files\/com_2019_174_f1_communication_from_commission_to_inst_en_v5_p1_1016762.pdf\" data-omni-click=\"r'article',r'',d,r'intext',r'13',r'None'\">replaced<\/a> with the more neutral \u201c<em>facility<\/em>for 750 people\u201d in this year\u2019s report.<\/p>\n<p dir=\"ltr\">According to Kati Piri, the European Parliament\u2019s former Turkey rapporteur, even lawmakers like her struggle to scrutinize the precise implementation of EU-brokered deals on migration, which include agreements not just with Turkey, but also with <a href=\"https:\/\/www.theguardian.com\/commentisfree\/2019\/feb\/05\/eu-deal-libya-refugees-libyan-detention-centres\" data-omni-click=\"r'article',r'',d,r'intext',r'14',r'None'\">Libya<\/a>, <a href=\"https:\/\/www.telegraph.co.uk\/global-health\/climate-and-people\/algeria-dumps-thousands-migrants-sahara-amid-eu-funded-crackdown\/\" data-omni-click=\"r'article',r'',d,r'intext',r'15',r'None'\">Niger<\/a>, and <a href=\"https:\/\/www.nytimes.com\/2018\/04\/22\/world\/africa\/migration-european-union-sudan.html\" data-omni-click=\"r'article',r'',d,r'intext',r'16',r'None'\">Sudan<\/a>.<\/p>\n<\/section>\n<\/div>\n<\/div>\n<div class=\"blah\">\n<div class=\"l-article__container__container\">\n<section id=\"article-section-3\" class=\"l-article__section s-cms-content\">\n<p dir=\"ltr\">\u201cIn this way, the EU becomes co-responsible for human-rights violations,\u201d Piri said in a telephone interview. \u201cViolations against refugees may have decreased on European soil, but that\u2019s because we outsourced them. It\u2019s a sign of Europe\u2019s moral deficit, which deprives us from our credibility in holding Turkey to account.\u201d According to the original <a href=\"https:\/\/www.consilium.europa.eu\/en\/press\/press-releases\/2016\/03\/18\/eu-turkey-statement\/\" data-omni-click=\"r'article',r'',d,r'intext',r'17',r'None'\">agreement<\/a>, the EU pledged to resettle 72,000 Syrian refugees from Turkey. Three years later, it has taken in less than a third of that number.<\/p>\n<figure><picture><img class=\" lazyloaded\" srcset=\"https:\/\/cdn.theatlantic.com\/assets\/media\/img\/posts\/2019\/08\/RTX72OI5\/d3957c86c.jpg\" alt=\"A Turkish military watchtower stands at a crossing on the Syrian-Turkish border.\" data-srcset=\"https:\/\/cdn.theatlantic.com\/assets\/media\/img\/posts\/2019\/08\/RTX72OI5\/d3957c86c.jpg\" \/><\/picture><figcaption class=\"caption\">A Turkish military watchtower stands at a crossing on the Syrian-Turkish border, as seen from Idlib, on the Syrian side. (Khalil Ashawi \/ Reuters)<\/figcaption><\/figure>\n<p dir=\"ltr\">Many within Turkish society feel their country has simply done enough. With an economy only recently out of recession and many Turks struggling to make a living, <a href=\"https:\/\/www.crisisgroup.org\/europe-central-asia\/western-europemediterranean\/turkey\/248-turkeys-syrian-refugees-defusing-metropolitan-tensions\" data-omni-click=\"r'article',r'',d,r'intext',r'18',r'None'\">hostility<\/a> toward Syrians is on the rise. A recent <a href=\"https:\/\/www.khas.edu.tr\/sites\/khas.edu.tr\/files\/inline-files\/TDP-2019_BASINENG_FINAL.PDF\" data-omni-click=\"r'article',r'',d,r'intext',r'19',r'None'\">poll<\/a> found that those who expressed unhappiness with Syrian refugees rose to 67.7 percent this year, from 54.5 percent in 2017.<\/p>\n<p dir=\"ltr\">Just as in Europe, opposition parties in Turkey are now cashing in on anti-refugee sentiment. In municipal elections this year, politicians belonging to the secularist CHP ran an explicitly anti-Syrian campaign, and have <a href=\"https:\/\/news.sol.org.tr\/newly-elected-chp-mayor-cuts-aid-syrians-175819\" data-omni-click=\"r'article',r'',d,r'intext',r'20',r'None'\">cut<\/a> municipal aid for refugees or even <a href=\"https:\/\/www.tol.org\/client\/article\/28525-banned-from-the-beach-excluding-syrians-from-public-spaces.html\" data-omni-click=\"r'article',r'',d,r'intext',r'21',r'None'\">banned<\/a> Syrians\u2019 access to beaches since being elected. In Istanbul, on the very evening the CHP candidate Ekrem \u0130mamo\u011flu was elected mayor, a jubilantly racist hashtag began trending on Twitter: \u201cSyrians are fucking off\u201d (#<em>SuriyelilerDefoluyor<\/em>).<\/p>\n<p dir=\"ltr\">In a statement to <em>The Atlantic<\/em>, a Turkish foreign-ministry spokesperson said, \u201cTurkey has done its part\u201d when it came to the deal with the EU. \u201cThe funds received amount to a fraction of what has been spent by Turkey,\u201d the text noted, adding that Ankara expects \u201cmore robust support from the EU\u201d both financially and in the form of increased resettlements of Syrian refugees from Turkey to Europe.<\/p>\n<p dir=\"ltr\">Though international organizations say that more evidence of Turkey\u2019s actions is needed, Nour al-Deen al-Showaishi argues the proof is all around him. \u201cThe bombs are falling not far from here,\u201d he told me in a telephone interview from a village on the outskirts of Idlib, the Syrian region where he said he was sent. Showaishi said he was deported from Turkey in mid-July after being arrested in the Istanbul neighborhood of Esenyurt while having coffee with friends. Fida al-Deen, who was with him at the time, confirmed to me that Showaishi was arrested and called him from Syria two days later.<\/p>\n<p dir=\"ltr\">Having arrived in Turkey in early 2018, when the governorate of Istanbul had stopped giving out identity cards to Syrians, Showaishi did not have any papers to show the police. Taken to a nearby police station, officers assured him that he would receive an identity card if he signed a couple of forms. When he asked for more detail about the forms, however, they changed tactics and forced him to comply.<\/p>\n<p dir=\"ltr\">Showaishi was then sent to a removal center in Tuzla and, he said, deported to Syria the same day. He sent me videos to show he was in Idlib, the last major enclave of armed resistance against Syrian President Bashar al-Assad. According to the United Nations, the region contains 3 million people, half of them internally displaced, and faces a <a href=\"https:\/\/www.theguardian.com\/world\/2019\/aug\/24\/civilians-idlib-syria-bashar-al-assad-total-victory\" data-omni-click=\"r'article',r'',d,r'intext',r'22',r'None'\">humanitarian disaster<\/a> now that Russia and the Assad regime are stepping up an offensive to retake the territory.<\/p>\n<\/section>\n<\/div>\n<\/div>\n<div class=\"blah\">\n<div class=\"l-article__container__container\">\n<section id=\"article-section-4\" class=\"l-article__section s-cms-content\">\n<p dir=\"ltr\">The only way out leads back into Turkey, and, determined to prevent yet another influx of refugees, Ankara has buttressed its border.<\/p>\n<p dir=\"ltr\">Still, Hisham al-Steyf al-Mohammed saw no other option. The 21-year-old was deported from Turkey in mid-July despite possessing valid papers from the governorate of Istanbul, a photo of which I have seen. Desperate to return to his wife and two young children, he paid a smuggler to guide him back to Turkey, according to Mohammed Khedr Hammoud, another refugee who joined the perilous journey.<\/p>\n<p dir=\"ltr\">Shortly before sunset on August 4, Hammoud said, a group of 13 refugees set off from the village of Dirriyah, a mile from the border, pausing in the mountains for the opportune moment to cross into Turkey. While they waited, Mohammed knelt down to pray, but moments later, a cloud of sand jumped up next to him. Realizing it was a bullet, the smuggler called for the group to get moving, but Mohammed lay still. \u201cI crawled up to him and put my ear on his heart,\u201d Hammoud told me, \u201cbut it wasn\u2019t beating.\u201d For more than an hour, he said, the group was targeted by bullets from Turkish territory, and only at midnight was it able to carry Mohammed\u2019s body away.<\/p>\n<p dir=\"ltr\">I obtained a photo of Mohammed\u2019s death certificate issued by the Al-Rahma hospital in the Darkoush village in Idlib. The document, dated August 5, notes, \u201cA bullet went through the patient\u2019s right ear, and came out at the level of the left neck.\u201d<\/p>\n<p dir=\"ltr\">The Turkish interior ministry sent me a statement that largely reiterated an article published in <em>Foreign Policy<\/em> last week, in which an Erdo\u011fan spokesman <a href=\"https:\/\/foreignpolicy.com\/2019\/08\/23\/turkey-is-helping-not-deporting-syrian-refugees-erdogan-turkish-government-policy\/\" data-omni-click=\"r'article',r'',d,r'intext',r'23',r'None'\">said<\/a> Mohammed was a terror suspect who voluntarily requested his return to Syria. He offered no details on the case, though.<\/p>\n<p dir=\"ltr\">Mohammed\u2019s father, Mustafa, dismissed the spokesman\u2019s argument, telling me in an interview in Istanbul, \u201cIf he really did something wrong, then why didn\u2019t they send him to court?\u201d Since Mohammed had been the household\u2019s main breadwinner, Mustafa said he now struggled to feed his family, including Mohammed\u2019s 3-month-old baby.<\/p>\n<p dir=\"ltr\">Yet he is not the only one struck by Mohammed\u2019s death. In an interview in his friend\u2019s apartment in Istanbul, where he has returned but is in hiding from the authorities, Ahmed had just finished detailing his week\u2019s long detention in Turkey\u2019s removal centers when his phone started to buzz\u2014photos of Mohammed\u2019s corpse were being shared on Facebook.<\/p>\n<p dir=\"ltr\">\u201cI know him!\u201d Ahmed screamed, clasping his friend\u2019s arm. Mohammed, he said, had been with him in the removal center in Bink\u0131l\u0131\u00e7. \u201cHe was so hopeful to be released, because he had a valid ID for Istanbul. But when he told me that he had been made to sign some forms, I knew it was already too late.\u201d<\/p>\n<\/section>\n<\/div>\n<\/div>\n<div class=\"blah\">\n<div class=\"l-article__container__container\">\n<section id=\"article-section-5\" class=\"l-article__section s-cms-content\">\n<p dir=\"ltr\">\u201cIf I signed that piece of paper,\u201d Ahmed said, \u201cI could have been dead next to him.\u201d<\/p>\n<p dir=\"ltr\">It is this thought that pushes Ahmed, and many young Syrians like him, to continue on to Europe. He and his friend showed me videos a smuggler had sent them of successful boat journeys, and told me they planned to leave soon.<\/p>\n<p dir=\"ltr\">\u201cAs long as we are in Turkey, the Europeans can pretend that they don\u2019t see us,\u201d Ahmed concluded. \u201cBut once I go there, once I stand in front of them, I am sure that they will care about me.\u201d<\/p>\n<p dir=\"ltr\"><em><a class=\"author-link\" href=\"https:\/\/www.theatlantic.com\/author\/melvyn-ingleby\/\" data-omni-click=\"inherit\">MELVYN INGLEBY<\/a> is a journalist based in Istanbul and is a research associate at the French Institute of Anatolian Studies in Istanbul.<\/em><\/p>\n<p dir=\"ltr\"><a href=\"https:\/\/www.theatlantic.com\/international\/archive\/2019\/08\/europe-turkey-syria-refugee-crackdown\/597013\/\">The Atlantic<\/a><\/p>\n<\/section>\n<\/div>\n<\/div>\n","protected":false},"excerpt":{"rendered":"<p>Melvyn Ingleby, August 29, 2019 Ankara is moving against Syrians in the country\u2014and the European Union bears responsibility. ISTANBUL\u2014Under the cover of night, Turkish police officers pushed Ahmed onto a large bus parked in central Istanbul. In the darkness, the Syrian man from Damascus could discern dozens of other handcuffed refugees being crammed into the [&hellip;]<\/p>\n","protected":false},"author":1001004,"featured_media":0,"comment_status":"closed","ping_status":"open","sticky":false,"template":"","format":"standard","meta":{"footnotes":""},"categories":[53],"tags":[],"_links":{"self":[{"href":"https:\/\/worldcampaign.net\/index.php?rest_route=\/wp\/v2\/posts\/8056"}],"collection":[{"href":"https:\/\/worldcampaign.net\/index.php?rest_route=\/wp\/v2\/posts"}],"about":[{"href":"https:\/\/worldcampaign.net\/index.php?rest_route=\/wp\/v2\/types\/post"}],"author":[{"embeddable":true,"href":"https:\/\/worldcampaign.net\/index.php?rest_route=\/wp\/v2\/users\/1001004"}],"replies":[{"embeddable":true,"href":"https:\/\/worldcampaign.net\/index.php?rest_route=%2Fwp%2Fv2%2Fcomments&post=8056"}],"version-history":[{"count":1,"href":"https:\/\/worldcampaign.net\/index.php?rest_route=\/wp\/v2\/posts\/8056\/revisions"}],"predecessor-version":[{"id":8057,"href":"https:\/\/worldcampaign.net\/index.php?rest_route=\/wp\/v2\/posts\/8056\/revisions\/8057"}],"wp:attachment":[{"href":"https:\/\/worldcampaign.net\/index.php?rest_route=%2Fwp%2Fv2%2Fmedia&parent=8056"}],"wp:term":[{"taxonomy":"category","embeddable":true,"href":"https:\/\/worldcampaign.net\/index.php?rest_route=%2Fwp%2Fv2%2Fcategories&post=8056"},{"taxonomy":"post_tag","embeddable":true,"href":"https:\/\/worldcampaign.net\/index.php?rest_route=%2Fwp%2Fv2%2Ftags&post=8056"}],"curies":[{"name":"wp","href":"https:\/\/api.w.org\/{rel}","templated":true}]}}